{"id":2569,"date":"2026-02-06T13:01:43","date_gmt":"2026-02-06T13:01:43","guid":{"rendered":"https:\/\/cedin.parisnanterre.fr\/?p=2569"},"modified":"2026-02-09T13:09:12","modified_gmt":"2026-02-09T13:09:12","slug":"les-midines-du-6-fevrier-2026","status":"publish","type":"post","link":"https:\/\/cedin.parisnanterre.fr\/index.php\/2026\/02\/06\/les-midines-du-6-fevrier-2026\/","title":{"rendered":"Les Midines du 6 f\u00e9vrier 2026"},"content":{"rendered":"\n<h5 class=\"wp-block-heading has--font-size\">Date<\/h5>\n\n\n\n<p id=\"block-0c18ab6f-2398-4393-82d2-a2425c1c1c9b\">le 6 f\u00e9vrier 2026<\/p>\n\n\n\n<h5 class=\"wp-block-heading\" id=\"block-1660a4f0-70f6-4087-87c4-998970a0af4d\">Lieu<\/h5>\n\n\n\n<p id=\"block-1f1edb6a-895e-464f-b8d7-51b0e6b59bb8\">B\u00e2timent Simone Veil (F)<\/p>\n\n\n\n<p id=\"block-377f7987-d059-40ea-a0cc-a1e8e4d5f8d8\">F141<\/p>\n\n\n<style>.wp-block-kadence-advancedheading.kt-adv-heading2569_215951-f0, .wp-block-kadence-advancedheading.kt-adv-heading2569_215951-f0[data-kb-block=\"kb-adv-heading2569_215951-f0\"]{font-style:normal;}.wp-block-kadence-advancedheading.kt-adv-heading2569_215951-f0 mark.kt-highlight, .wp-block-kadence-advancedheading.kt-adv-heading2569_215951-f0[data-kb-block=\"kb-adv-heading2569_215951-f0\"] mark.kt-highlight{font-style:normal;color:#f76a0c;-webkit-box-decoration-break:clone;box-decoration-break:clone;padding-top:0px;padding-right:0px;padding-bottom:0px;padding-left:0px;}.wp-block-kadence-advancedheading.kt-adv-heading2569_215951-f0 img.kb-inline-image, .wp-block-kadence-advancedheading.kt-adv-heading2569_215951-f0[data-kb-block=\"kb-adv-heading2569_215951-f0\"] img.kb-inline-image{width:150px;vertical-align:baseline;}<\/style>\n<p class=\"kt-adv-heading2569_215951-f0 wp-block-kadence-advancedheading\" data-kb-block=\"kb-adv-heading2569_215951-f0\"><strong>Dans le cadre de son s\u00e9minaire g\u00e9n\u00e9ral interdisciplinaire (les Midines), le CEDIN aura le plaisir d\u2019accueillir Sarah Cassella, Professeure \u00e0 l\u2019Universit\u00e9 Paris-Cit\u00e9<\/strong>,<strong> le vendredi 6 f\u00e9vrier 2026 \u00e0 12h30 en salle des actes (F141).<br><\/strong><br><strong>Elle nous parlera de son r\u00e9cent ouvrage \u00ab Global Risks and International Law &#8211; The Case of Climate Change and Pandemics \u00bb paru chez Brill en 2023<\/strong>.<br><\/p>\n\n\n<div class=\"wp-block-image\">\n<figure class=\"aligncenter size-full\" id=\"block-6ab69178-24d2-4e60-9d94-2786cd29ae6f\"><img loading=\"lazy\" decoding=\"async\" width=\"622\" height=\"903\" src=\"https:\/\/cedin.parisnanterre.fr\/wp-content\/uploads\/2026\/02\/affiche-sarah-cassella.png\" alt=\"\" class=\"wp-image-2570\" srcset=\"https:\/\/cedin.parisnanterre.fr\/wp-content\/uploads\/2026\/02\/affiche-sarah-cassella.png 622w, https:\/\/cedin.parisnanterre.fr\/wp-content\/uploads\/2026\/02\/affiche-sarah-cassella-207x300.png 207w\" sizes=\"auto, (max-width: 622px) 100vw, 622px\" \/><\/figure>\n<\/div>","protected":false},"excerpt":{"rendered":"<p>Date le 6 f\u00e9vrier 2026 Lieu B\u00e2timent Simone Veil (F) F141 Dans le cadre de son s\u00e9minaire g\u00e9n\u00e9ral interdisciplinaire (les Midines), le CEDIN aura le plaisir d\u2019accueillir Sarah Cassella, Professeure \u00e0 l\u2019Universit\u00e9 Paris-Cit\u00e9, le vendredi 6 f\u00e9vrier 2026 \u00e0 12h30 en salle des actes (F141).Elle nous parlera de son r\u00e9cent ouvrage \u00ab Global Risks and&#8230;<\/p>\n","protected":false},"author":1,"featured_media":2570,"comment_status":"closed","ping_status":"","sticky":false,"template":"","format":"standard","meta":{"_kad_blocks_custom_css":"","_kad_blocks_head_custom_js":"","_kad_blocks_body_custom_js":"","_kad_blocks_footer_custom_js":"","_kadence_starter_templates_imported_post":false,"_kad_post_transparent":"","_kad_post_title":"","_kad_post_layout":"","_kad_post_sidebar_id":"","_kad_post_content_style":"","_kad_post_vertical_padding":"","_kad_post_feature":"hide","_kad_post_feature_position":"","_kad_post_header":false,"_kad_post_footer":false,"footnotes":""},"categories":[4,8],"tags":[],"class_list":["post-2569","post","type-post","status-publish","format-standard","has-post-thumbnail","hentry","category-activites","category-les-midines"],"taxonomy_info":{"category":[{"value":4,"label":"Activit\u00e9s"},{"value":8,"label":"Les Midines"}]},"featured_image_src_large":["https:\/\/cedin.parisnanterre.fr\/wp-content\/uploads\/2026\/02\/affiche-sarah-cassella.png",622,903,false],"author_info":{"display_name":"admin","author_link":"https:\/\/cedin.parisnanterre.fr\/index.php\/author\/fgabard\/"},"comment_info":0,"category_info":[{"term_id":4,"name":"Activit\u00e9s","slug":"activites","term_group":0,"term_taxonomy_id":4,"taxonomy":"category","description":"","parent":0,"count":23,"filter":"raw","cat_ID":4,"category_count":23,"category_description":"","cat_name":"Activit\u00e9s","category_nicename":"activites","category_parent":0},{"term_id":8,"name":"Les Midines","slug":"les-midines","term_group":0,"term_taxonomy_id":8,"taxonomy":"category","description":"","parent":4,"count":13,"filter":"raw","cat_ID":8,"category_count":13,"category_description":"","cat_name":"Les Midines","category_nicename":"les-midines","category_parent":4}],"tag_info":false,"_links":{"self":[{"href":"https:\/\/cedin.parisnanterre.fr\/index.php\/wp-json\/wp\/v2\/posts\/2569","targetHints":{"allow":["GET"]}}],"collection":[{"href":"https:\/\/cedin.parisnanterre.fr\/index.php\/wp-json\/wp\/v2\/posts"}],"about":[{"href":"https:\/\/cedin.parisnanterre.fr\/index.php\/wp-json\/wp\/v2\/types\/post"}],"author":[{"embeddable":true,"href":"https:\/\/cedin.parisnanterre.fr\/index.php\/wp-json\/wp\/v2\/users\/1"}],"replies":[{"embeddable":true,"href":"https:\/\/cedin.parisnanterre.fr\/index.php\/wp-json\/wp\/v2\/comments?post=2569"}],"version-history":[{"count":3,"href":"https:\/\/cedin.parisnanterre.fr\/index.php\/wp-json\/wp\/v2\/posts\/2569\/revisions"}],"predecessor-version":[{"id":2576,"href":"https:\/\/cedin.parisnanterre.fr\/index.php\/wp-json\/wp\/v2\/posts\/2569\/revisions\/2576"}],"wp:featuredmedia":[{"embeddable":true,"href":"https:\/\/cedin.parisnanterre.fr\/index.php\/wp-json\/wp\/v2\/media\/2570"}],"wp:attachment":[{"href":"https:\/\/cedin.parisnanterre.fr\/index.php\/wp-json\/wp\/v2\/media?parent=2569"}],"wp:term":[{"taxonomy":"category","embeddable":true,"href":"https:\/\/cedin.parisnanterre.fr\/index.php\/wp-json\/wp\/v2\/categories?post=2569"},{"taxonomy":"post_tag","embeddable":true,"href":"https:\/\/cedin.parisnanterre.fr\/index.php\/wp-json\/wp\/v2\/tags?post=2569"}],"curies":[{"name":"wp","href":"https:\/\/api.w.org\/{rel}","templated":true}]}}