{"id":2304,"date":"2010-03-16T08:18:00","date_gmt":"2010-03-16T08:18:00","guid":{"rendered":"https:\/\/cedin.parisnanterre.fr\/?p=2304"},"modified":"2025-04-08T08:20:18","modified_gmt":"2025-04-08T08:20:18","slug":"la-refondation-du-systeme-monetaire-et-financier-international-evolutions-reglementaires-et-institutionnelles","status":"publish","type":"post","link":"https:\/\/cedin.parisnanterre.fr\/index.php\/2010\/03\/16\/la-refondation-du-systeme-monetaire-et-financier-international-evolutions-reglementaires-et-institutionnelles\/","title":{"rendered":"La refondation du syst\u00e8me mon\u00e9taire et financier international : \u00e9volutions r\u00e9glementaires et institutionnelles"},"content":{"rendered":"\n<h5 class=\"wp-block-heading\">Date<\/h5>\n\n\n\n<p id=\"date\">les 16-17 mars 2010<\/p>\n\n\n\n<h5 class=\"wp-block-heading\">Lieu(x)<\/h5>\n\n\n\n<p id=\"lieu\">Universit\u00e9 Paris Nanterre<\/p>\n\n\n<div class=\"wp-block-image\">\n<figure class=\"alignleft size-full\"><img loading=\"lazy\" decoding=\"async\" width=\"266\" height=\"430\" src=\"https:\/\/cedin.parisnanterre.fr\/wp-content\/uploads\/2025\/04\/la-refondation-du-systeme-monetaire-et-financier-international.jpg\" alt=\"\" class=\"wp-image-2305\" srcset=\"https:\/\/cedin.parisnanterre.fr\/wp-content\/uploads\/2025\/04\/la-refondation-du-systeme-monetaire-et-financier-international.jpg 266w, https:\/\/cedin.parisnanterre.fr\/wp-content\/uploads\/2025\/04\/la-refondation-du-systeme-monetaire-et-financier-international-186x300.jpg 186w\" sizes=\"auto, (max-width: 266px) 100vw, 266px\" \/><\/figure>\n<\/div>\n\n\n<p>La crise financi\u00e8re qui a d\u00e9but\u00e9 en 2007 est \u00e0 l&rsquo;origine de l&rsquo;une des plus graves r\u00e9cessions depuis les ann\u00e9es 30. L&rsquo;ampleur de cette premi\u00e8re crise v\u00e9ritablement mondiale a conduit \u00e0 une profonde remise en cause du syst\u00e8me mon\u00e9taire et financier international, d&rsquo;aucuns appelant \u00e0 sa refondation. Elle a incit\u00e9 les Etats et les organisations internationales \u00e0 caract\u00e8re \u00e9conomique et financier \u00e0 rechercher ensemble des solutions pour sortir de la crise et pour corriger les failles d&rsquo;un syst\u00e8me tout entier menac\u00e9 de s&rsquo;\u00e9crouler. En l&rsquo;espace de quelques ann\u00e9es des r\u00e9formes sans pr\u00e9c\u00e9dent ont ainsi \u00e9t\u00e9 engag\u00e9es, d&rsquo;autres sont encore discut\u00e9es ou simplement esp\u00e9r\u00e9es pour construire un syst\u00e8me mon\u00e9taire et financier international plus solide.<br><br>En organisant \u00e0 l&rsquo;OCDE, les 16 et 17 mars 2010, un colloque sur \u00abLa refondation du syst\u00e8me mon\u00e9taire et financier international\u00bb, le CEDIN entendait contribuer aux r\u00e9flexions relatives \u00e0 l&rsquo;\u00e9volution et aux n\u00e9cessaires mutations du syst\u00e8me mis en place en 1944. Plus pr\u00e9cis\u00e9ment, l&rsquo;objet de ce colloque fut d&rsquo;approfondir les d\u00e9bats relatifs aux perspectives d&rsquo;\u00e9volutions r\u00e8glementaires et institutionnelles de ce syst\u00e8me en abordant trois th\u00e9matiques principales : la coordination des politiques \u00e9conomiques et mon\u00e9taires, la r\u00e9glementation des march\u00e9s et des acteurs de la finance, l&rsquo;am\u00e9nagement de la gouvernance internationale. Au travers de ces r\u00e9flexions apparaissent \u00e0 la fois l&rsquo;ampleur des r\u00e9formes engag\u00e9es ou attendues, et les difficult\u00e9s et r\u00e9ticences \u00e0 construire un \u00abnouveau Bretton Woods\u00bb.<br><br>Conform\u00e9ment \u00e0 la tradition du CEDIN, ce colloque &#8211; ouvert par une allocution du Secr\u00e9taire g\u00e9n\u00e9ral de l&rsquo;OCDE,\u00a0<strong>M. A. Gurri\u00e0<\/strong>\u00a0&#8211; a rassembl\u00e9 des personnalit\u00e9s fran\u00e7aises et \u00e9trang\u00e8res de divers horizons, des repr\u00e9sentants \u00e9minents d&rsquo;institutions nationales ou internationales, des universitaires de diff\u00e9rentes disciplines, des professionnels qui ont su profiter de ces journ\u00e9es pour confronter leurs points de vue sur les principales \u00e9volutions r\u00e9glementaires et institutionnelles du syst\u00e8me mon\u00e9taire et financier international, qu&rsquo;elles soient r\u00e9alis\u00e9es, en cours ou esp\u00e9r\u00e9es.<\/p>\n","protected":false},"excerpt":{"rendered":"<p>Date les 16-17 mars 2010 Lieu(x) Universit\u00e9 Paris Nanterre La crise financi\u00e8re qui a d\u00e9but\u00e9 en 2007 est \u00e0 l&rsquo;origine de l&rsquo;une des plus graves r\u00e9cessions depuis les ann\u00e9es 30. L&rsquo;ampleur de cette premi\u00e8re crise v\u00e9ritablement mondiale a conduit \u00e0 une profonde remise en cause du syst\u00e8me mon\u00e9taire et financier international, d&rsquo;aucuns appelant \u00e0 sa&#8230;<\/p>\n","protected":false},"author":1,"featured_media":2305,"comment_status":"closed","ping_status":"","sticky":false,"template":"","format":"standard","meta":{"_kad_blocks_custom_css":"","_kad_blocks_head_custom_js":"","_kad_blocks_body_custom_js":"","_kad_blocks_footer_custom_js":"","_kadence_starter_templates_imported_post":false,"_kad_post_transparent":"","_kad_post_title":"","_kad_post_layout":"","_kad_post_sidebar_id":"","_kad_post_content_style":"","_kad_post_vertical_padding":"","_kad_post_feature":"hide","_kad_post_feature_position":"","_kad_post_header":false,"_kad_post_footer":false,"footnotes":""},"categories":[5],"tags":[],"class_list":["post-2304","post","type-post","status-publish","format-standard","has-post-thumbnail","hentry","category-colloques"],"taxonomy_info":{"category":[{"value":5,"label":"Colloques"}]},"featured_image_src_large":["https:\/\/cedin.parisnanterre.fr\/wp-content\/uploads\/2025\/04\/la-refondation-du-systeme-monetaire-et-financier-international.jpg",266,430,false],"author_info":{"display_name":"admin","author_link":"https:\/\/cedin.parisnanterre.fr\/index.php\/author\/fgabard\/"},"comment_info":0,"category_info":[{"term_id":5,"name":"Colloques","slug":"colloques","term_group":0,"term_taxonomy_id":5,"taxonomy":"category","description":"","parent":4,"count":22,"filter":"raw","cat_ID":5,"category_count":22,"category_description":"","cat_name":"Colloques","category_nicename":"colloques","category_parent":4}],"tag_info":false,"_links":{"self":[{"href":"https:\/\/cedin.parisnanterre.fr\/index.php\/wp-json\/wp\/v2\/posts\/2304","targetHints":{"allow":["GET"]}}],"collection":[{"href":"https:\/\/cedin.parisnanterre.fr\/index.php\/wp-json\/wp\/v2\/posts"}],"about":[{"href":"https:\/\/cedin.parisnanterre.fr\/index.php\/wp-json\/wp\/v2\/types\/post"}],"author":[{"embeddable":true,"href":"https:\/\/cedin.parisnanterre.fr\/index.php\/wp-json\/wp\/v2\/users\/1"}],"replies":[{"embeddable":true,"href":"https:\/\/cedin.parisnanterre.fr\/index.php\/wp-json\/wp\/v2\/comments?post=2304"}],"version-history":[{"count":1,"href":"https:\/\/cedin.parisnanterre.fr\/index.php\/wp-json\/wp\/v2\/posts\/2304\/revisions"}],"predecessor-version":[{"id":2306,"href":"https:\/\/cedin.parisnanterre.fr\/index.php\/wp-json\/wp\/v2\/posts\/2304\/revisions\/2306"}],"wp:featuredmedia":[{"embeddable":true,"href":"https:\/\/cedin.parisnanterre.fr\/index.php\/wp-json\/wp\/v2\/media\/2305"}],"wp:attachment":[{"href":"https:\/\/cedin.parisnanterre.fr\/index.php\/wp-json\/wp\/v2\/media?parent=2304"}],"wp:term":[{"taxonomy":"category","embeddable":true,"href":"https:\/\/cedin.parisnanterre.fr\/index.php\/wp-json\/wp\/v2\/categories?post=2304"},{"taxonomy":"post_tag","embeddable":true,"href":"https:\/\/cedin.parisnanterre.fr\/index.php\/wp-json\/wp\/v2\/tags?post=2304"}],"curies":[{"name":"wp","href":"https:\/\/api.w.org\/{rel}","templated":true}]}}